[{"@context":"https:\/\/schema.org\/","@type":"Article","@id":"https:\/\/www.sidon.cz\/kazda-jina-kadernice\/#Article","mainEntityOfPage":"https:\/\/www.sidon.cz\/kazda-jina-kadernice\/","headline":"Ka\u017ed\u00e1 jin\u00e1 kade\u0159nice","name":"Ka\u017ed\u00e1 jin\u00e1 kade\u0159nice","description":"Co si mysl\u00edte o \u017een\u00e1ch a kade\u0159nic\u00edch? J\u00e1 m\u00e1m n\u011bkdy pocit, \u017ee si prost\u011b ani nedok\u00e1\u017eu p\u0159edstavit, \u017ee by n\u011bjak\u00e1 \u017eena nechodila ke kade\u0159nici. Ale p\u0159izn\u00e1m se, \u017ee m\u00e1m kv\u016fli kade\u0159nici \u0161patn\u00e9 vzpom\u00ednky, proto\u017ee m\u00e1m tmav\u0161\u00ed vlasy a cht\u011bla jsem je m\u00edt tro\u0161ku sv\u011btlej\u0161\u00ed. Moc jsem to nech\u00e1pala, proto\u017ee kade\u0159nice, kter\u00e1 mi vlasy d\u011blala, byla&#46;&#46;&#46;","datePublished":"2024-08-30","dateModified":"2024-08-30","author":{"@type":"Person","@id":"https:\/\/www.sidon.cz\/author\/#Person","name":"","url":"https:\/\/www.sidon.cz\/author\/","identifier":1,"image":{"@type":"ImageObject","@id":"https:\/\/secure.gravatar.com\/avatar\/f14f9548cfce1bfc4b3267434069a757db9568e455121a8852ede019c83b3b5e?s=96&d=mm&r=g","url":"https:\/\/secure.gravatar.com\/avatar\/f14f9548cfce1bfc4b3267434069a757db9568e455121a8852ede019c83b3b5e?s=96&d=mm&r=g","height":96,"width":96}},"publisher":{"@type":"Organization","name":"sidon.cz","logo":{"@type":"ImageObject","@id":"\/logo.png","url":"\/logo.png","width":600,"height":60}},"image":{"@type":"ImageObject","@id":"https:\/\/www.sidon.cz\/wp-content\/uploads\/istockphoto-1339228907-612x612_1.jpg","url":"https:\/\/www.sidon.cz\/wp-content\/uploads\/istockphoto-1339228907-612x612_1.jpg","height":0,"width":0},"url":"https:\/\/www.sidon.cz\/kazda-jina-kadernice\/","about":["\u017dena"],"wordCount":428,"articleBody":"Co si mysl\u00edte o \u017een\u00e1ch a kade\u0159nic\u00edch? J\u00e1 m\u00e1m n\u011bkdy pocit, \u017ee si prost\u011b ani nedok\u00e1\u017eu p\u0159edstavit, \u017ee by n\u011bjak\u00e1 \u017eena nechodila ke kade\u0159nici. Ale p\u0159izn\u00e1m se, \u017ee m\u00e1m kv\u016fli kade\u0159nici \u0161patn\u00e9 vzpom\u00ednky, proto\u017ee m\u00e1m tmav\u0161\u00ed vlasy a cht\u011bla jsem je m\u00edt tro\u0161ku sv\u011btlej\u0161\u00ed. Moc jsem to nech\u00e1pala, proto\u017ee kade\u0159nice, kter\u00e1 mi vlasy d\u011blala, byla nejist\u00e1 a po\u0159\u00e1d mi \u0159\u00edkala, \u017ee mi ten blond nebude slu\u0161et. Byla jsem z toho mrzut\u00e1, proto\u017ee m\u011b mrzelo, \u017ee jsem cht\u011bla m\u00edt sv\u011btlej\u0161\u00ed vlasy, a ona se do toho necht\u011bla pou\u0161t\u011bt, proto\u017ee si mysl\u00edm, \u017ee to je sp\u00ed\u0161e o strachu kade\u0159nic. M\u011bla strach, aby mi vlasy nepo\u0161kodila, aby si na n\u00ed nest\u011b\u017eovala. Sd\u011blila jsem j\u00ed, \u017ee bych cht\u011bla m\u00edt vlasy tro\u0161ku sv\u011btlej\u0161\u00ed, a ona mi po\u0159\u00e1d \u0159\u00edkala, \u017ee mi to nebude slu\u0161et. Nakonec jsem zkusila zavolat jin\u00e9 kade\u0159nici a \u0159ekla jsem j\u00ed, \u017ee m\u00e1m tmav\u00e9 vlasy a stra\u0161n\u011b bych si p\u0159\u00e1la je m\u00edt sv\u011btlej\u0161\u00ed, ale moje kade\u0159nice se k tomu nem\u00e1 a \u0159\u00edk\u00e1, \u017ee mi to nebude slu\u0161et. Ona mi sd\u011blila, \u017ee se klidn\u011b m\u016f\u017eeme domluvit na osobn\u00ed sch\u016fzce, \u017ee si m\u011b prohl\u00e9dne, a \u017ee by t\u0159eba klidn\u011b do toho i \u0161la a mohli bychom to vyzkou\u0161et t\u0159eba v podob\u011b mel\u00edru. Sch\u016fzku jsem si s n\u00ed domluvila a najednou jsem se k n\u00ed dostavila. Ona mi sd\u011blila, \u017ee je ochotn\u00e1 mi ten mel\u00edr na vlasech ud\u011blat, a j\u00e1 jsem byla nad\u0161en\u00e1, tak\u017ee jsem se rozhodla, \u017ee p\u016fjdu k n\u00ed. Domluvili jsme si term\u00edn, j\u00e1 jsem k n\u00ed p\u0159i\u0161la, a nakonec v\u00e1m m\u016f\u017eu \u0159\u00edct, \u017ee v\u00fdsledek byl velice efektivn\u00ed. Byla jsem stra\u0161n\u011b spokojen\u00e1, a nakonec jsem se stala \u00faplnou blond\u00fdnkou. D\u00edky jej\u00edmu mel\u00edru se mi vlasy velice zesv\u011btlily a od t\u00e9 doby jsem \u0161la na blond, koupila jsem si svoji barvu a dobarvila jsem si to, tak\u017ee v\u00e1m m\u016f\u017eu \u0159\u00edct, \u017ee i s tmav\u00fdmi vlasy se mohou st\u00e1t kr\u00e1sn\u00e9 blond\u00fdnky. Blond vlasy jsou velmi kr\u00e1sn\u00e9 a j\u00e1 jsem \u0161\u0165astn\u00e1, \u017ee kone\u010dn\u011b m\u00e1m p\u0159esn\u011b tu barvu, kterou jsem cht\u011bla, proto\u017ee blond\u00fdnky jsou fakt cool.\u00a0                                                                                                                                                                                                                                                                                                                                                                                        5\/5 - (2 votes)        "},{"@context":"https:\/\/schema.org\/","@type":"BreadcrumbList","itemListElement":[{"@type":"ListItem","position":1,"name":"Ka\u017ed\u00e1 jin\u00e1 kade\u0159nice","item":"https:\/\/www.sidon.cz\/kazda-jina-kadernice\/#breadcrumbitem"}]}]