[{"@context":"https:\/\/schema.org\/","@type":"Article","@id":"https:\/\/www.sidon.cz\/lze-pouzit-kamenny-obklad-na-zateplenou-fasadu\/#Article","mainEntityOfPage":"https:\/\/www.sidon.cz\/lze-pouzit-kamenny-obklad-na-zateplenou-fasadu\/","headline":"Lze pou\u017e\u00edt kamenn\u00fd obklad na zateplenou fas\u00e1du?","name":"Lze pou\u017e\u00edt kamenn\u00fd obklad na zateplenou fas\u00e1du?","description":"Je pochopiteln\u00e9, \u017ee chceme, abychom se doma c\u00edtili p\u0159\u00edjemn\u011b. A jednou z d\u016fle\u017eit\u00fdch sou\u010d\u00e1st\u00ed je ochrana proti vn\u011bj\u0161\u00edm vliv\u016fm, p\u0159edev\u0161\u00edm pak proti zim\u011b, v\u011btru a hluku zven\u010d\u00ed. Nen\u00ed tedy divu, \u017ee v posledn\u00edch letech mnoho lid\u00ed sv\u00e9 domy zatepluje a kupuje plastov\u00e1 okna. Pozorovat to m\u016f\u017eeme p\u0159edev\u0161\u00edm na panel\u00e1c\u00edch, kter\u00e9 m\u011bn\u00ed sv\u00e9 \u0161ediv\u00e9 fas\u00e1dy za&#46;&#46;&#46;","datePublished":"2021-05-15","dateModified":"2023-09-19","author":{"@type":"Person","@id":"https:\/\/www.sidon.cz\/author\/#Person","name":"","url":"https:\/\/www.sidon.cz\/author\/","identifier":1,"image":{"@type":"ImageObject","@id":"https:\/\/secure.gravatar.com\/avatar\/f14f9548cfce1bfc4b3267434069a757db9568e455121a8852ede019c83b3b5e?s=96&d=mm&r=g","url":"https:\/\/secure.gravatar.com\/avatar\/f14f9548cfce1bfc4b3267434069a757db9568e455121a8852ede019c83b3b5e?s=96&d=mm&r=g","height":96,"width":96}},"publisher":{"@type":"Organization","name":"sidon.cz","logo":{"@type":"ImageObject","@id":"\/logo.png","url":"\/logo.png","width":600,"height":60}},"image":{"@type":"ImageObject","@id":"https:\/\/www.sidon.cz\/wp-content\/uploads\/obkladkamen2_1.jpg","url":"https:\/\/www.sidon.cz\/wp-content\/uploads\/obkladkamen2_1.jpg","height":0,"width":0},"url":"https:\/\/www.sidon.cz\/lze-pouzit-kamenny-obklad-na-zateplenou-fasadu\/","about":["N\u00e1kupy"],"wordCount":427,"articleBody":"Je pochopiteln\u00e9, \u017ee chceme, abychom se doma c\u00edtili p\u0159\u00edjemn\u011b. A jednou z d\u016fle\u017eit\u00fdch sou\u010d\u00e1st\u00ed je ochrana proti vn\u011bj\u0161\u00edm vliv\u016fm, p\u0159edev\u0161\u00edm pak proti zim\u011b, v\u011btru a hluku zven\u010d\u00ed. Nen\u00ed tedy divu, \u017ee v posledn\u00edch letech mnoho lid\u00ed sv\u00e9 domy zatepluje a kupuje plastov\u00e1 okna. Pozorovat to m\u016f\u017eeme p\u0159edev\u0161\u00edm na panel\u00e1c\u00edch, kter\u00e9 m\u011bn\u00ed sv\u00e9 \u0161ediv\u00e9 fas\u00e1dy za barevn\u00e9 kab\u00e1ty.Pravdou ov\u0161em je, \u017ee mnoho z nich m\u011blo ve sv\u00e9 spodn\u00ed \u010d\u00e1sti kamenn\u00e9 oblo\u017een\u00ed. To se pou\u017e\u00edv\u00e1 p\u0159edev\u0161\u00edm z d\u016fvodu snadn\u011bj\u0161\u00ed \u00fadr\u017eby \u2013 p\u0159eci jen, pr\u00e1v\u011b v t\u00e9to ni\u017e\u0161\u00ed \u010d\u00e1sti doch\u00e1z\u00ed k nejv\u011bt\u0161\u00edmu zne\u010di\u0161t\u011bn\u00ed, a\u0165 u\u017e prachem z automobil\u016f, po\u0161kozen\u00edm vandalismem \u010di jin\u00fdm zp\u016fsobem. Je tedy jasn\u00e9, \u017ee m\u00edt tuto \u010d\u00e1st domu oblo\u017eenou snadno udr\u017eovateln\u00fdm materi\u00e1lem je dobr\u00fd n\u00e1pad.Ov\u0161em s postupuj\u00edc\u00edmi \u00fapravami mnoho majitel\u016f tr\u00e1p\u00ed ot\u00e1zka, zda je vhodn\u00fd kamenn\u00fd obklad na zateplenou fas\u00e1du. P\u0159eci jen, jedn\u00e1 se o pon\u011bkud jin\u00fd materi\u00e1l, ne\u017e jak\u00e1 je klasick\u00e1 ze\u010f. Je tedy skute\u010dn\u011b mo\u017en\u00e9 jej takto pou\u017e\u00edt?Popravd\u011b \u0159e\u010deno, ano. Jist\u011b, je pot\u0159eba speci\u00e1ln\u00ed druh lepidla i kamene, av\u0161ak mo\u017en\u00e9 to je. Je v\u0161ak pot\u0159eba po\u010d\u00edtat s t\u00edm, \u017ee za to zaplat\u00edte v\u00edce, ne\u017e za kamenn\u00e9 oblo\u017een\u00ed klasick\u00e9 fas\u00e1dy. Samoz\u0159ejm\u011b si jej m\u016f\u017eete ud\u011blat sami (a to b\u00fdv\u00e1 \u010dast\u00fd p\u0159\u00edpad u majitel\u016f rodinn\u00fdch dom\u016f), av\u0161ak i zde je nutn\u00e9 po\u010d\u00edtat s pon\u011bkud vy\u0161\u0161\u00ed cenou za materi\u00e1l.Nen\u00ed samoz\u0159ejm\u011b pochyb o tom, \u017ee zateplen\u00ed je ve v\u011bt\u0161in\u011b p\u0159\u00edpad\u016f dobr\u00e1 volba \u2013 koneckonc\u016f, d\u00edky glob\u00e1ln\u00ed zm\u011bn\u011b klimatu \u010dek\u00e1me v\u011bt\u0161\u00ed extr\u00e9my po\u010das\u00ed, a to se t\u00fdk\u00e1 i teplot. Nehled\u011b na fakt, \u017ee d\u00edky tomu nav\u00edc u\u0161et\u0159\u00edme za topen\u00ed.Pokud v\u0161ak jde o to, zda spodn\u00ed \u010d\u00e1st fas\u00e1dy nechat oblo\u017eit kamenem, zde je ot\u00e1zka slo\u017eit\u011bj\u0161\u00ed. Z\u00e1le\u017e\u00ed p\u0159edev\u0161\u00edm na tom, jak moc je zat\u011b\u017eov\u00e1na, a s jakou m\u00edrou po\u0161kozen\u00ed po\u010d\u00edt\u00e1te. Je tak\u00e9 dobr\u00e9 si spo\u010d\u00edtat n\u00e1klady, kter\u00e9 to bude st\u00e1t. Jen tak z\u00edsk\u00e1te p\u0159esnou p\u0159edstavu, zda se v\u00e1m to v kone\u010dn\u00e9m d\u016fsledku vyplat\u00ed.                                                                                                                                                                                                                                                                                                                                                                                                 "},{"@context":"https:\/\/schema.org\/","@type":"BreadcrumbList","itemListElement":[{"@type":"ListItem","position":1,"name":"Lze pou\u017e\u00edt kamenn\u00fd obklad na zateplenou fas\u00e1du?","item":"https:\/\/www.sidon.cz\/lze-pouzit-kamenny-obklad-na-zateplenou-fasadu\/#breadcrumbitem"}]}]